{"id":8669,"date":"2024-01-19T17:12:34","date_gmt":"2024-01-19T16:12:34","guid":{"rendered":"https:\/\/www.rosaprimainfanzia.it\/wp\/?p=8669"},"modified":"2024-01-19T17:12:35","modified_gmt":"2024-01-19T16:12:35","slug":"pronti-per-togliere-il-pannolino","status":"publish","type":"post","link":"https:\/\/www.rosaprimainfanzia.it\/wp\/pronti-per-togliere-il-pannolino\/","title":{"rendered":"Pronti per togliere il pannolino"},"content":{"rendered":"<p>Uno dei passaggi pi\u00f9 significativi nella crescita di un bambino \u00e8 il c.d. spannolinamento.<\/p>\n<div id=\"ez-toc-container\" class=\"ez-toc-v2_0_80 ez-toc-wrap-left counter-hierarchy ez-toc-counter ez-toc-grey ez-toc-container-direction\">\n<div class=\"ez-toc-title-container\">\n<p class=\"ez-toc-title\" style=\"cursor:inherit\">Table of Contents<\/p>\n<span class=\"ez-toc-title-toggle\"><a href=\"#\" class=\"ez-toc-pull-right ez-toc-btn ez-toc-btn-xs ez-toc-btn-default ez-toc-toggle\" aria-label=\"Toggle Table of Content\"><span class=\"ez-toc-js-icon-con\"><span class=\"\"><span class=\"eztoc-hide\" style=\"display:none;\">Toggle<\/span><span class=\"ez-toc-icon-toggle-span\"><svg style=\"fill: #999;color:#999\" xmlns=\"http:\/\/www.w3.org\/2000\/svg\" class=\"list-377408\" width=\"20px\" height=\"20px\" viewBox=\"0 0 24 24\" fill=\"none\"><path d=\"M6 6H4v2h2V6zm14 0H8v2h12V6zM4 11h2v2H4v-2zm16 0H8v2h12v-2zM4 16h2v2H4v-2zm16 0H8v2h12v-2z\" fill=\"currentColor\"><\/path><\/svg><svg style=\"fill: #999;color:#999\" class=\"arrow-unsorted-368013\" xmlns=\"http:\/\/www.w3.org\/2000\/svg\" width=\"10px\" height=\"10px\" viewBox=\"0 0 24 24\" version=\"1.2\" baseProfile=\"tiny\"><path d=\"M18.2 9.3l-6.2-6.3-6.2 6.3c-.2.2-.3.4-.3.7s.1.5.3.7c.2.2.4.3.7.3h11c.3 0 .5-.1.7-.3.2-.2.3-.5.3-.7s-.1-.5-.3-.7zM5.8 14.7l6.2 6.3 6.2-6.3c.2-.2.3-.5.3-.7s-.1-.5-.3-.7c-.2-.2-.4-.3-.7-.3h-11c-.3 0-.5.1-.7.3-.2.2-.3.5-.3.7s.1.5.3.7z\"\/><\/svg><\/span><\/span><\/span><\/a><\/span><\/div>\n<nav><ul class='ez-toc-list ez-toc-list-level-1 ' ><li class='ez-toc-page-1 ez-toc-heading-level-2'><a class=\"ez-toc-link ez-toc-heading-1\" href=\"https:\/\/www.rosaprimainfanzia.it\/wp\/pronti-per-togliere-il-pannolino\/#Pronti_per_togliere_il_pannolino\" >Pronti per togliere il pannolino?<\/a><ul class='ez-toc-list-level-3' ><li class='ez-toc-heading-level-3'><a class=\"ez-toc-link ez-toc-heading-2\" href=\"https:\/\/www.rosaprimainfanzia.it\/wp\/pronti-per-togliere-il-pannolino\/#Riconoscere_i_Segnali_di_Prontezza\" >Riconoscere i Segnali di Prontezza<\/a><\/li><li class='ez-toc-page-1 ez-toc-heading-level-3'><a class=\"ez-toc-link ez-toc-heading-3\" href=\"https:\/\/www.rosaprimainfanzia.it\/wp\/pronti-per-togliere-il-pannolino\/#Introduzione_al_Vasino_o_al_Riduttore\" >Introduzione al Vasino o al Riduttore<\/a><\/li><li class='ez-toc-page-1 ez-toc-heading-level-3'><a class=\"ez-toc-link ez-toc-heading-4\" href=\"https:\/\/www.rosaprimainfanzia.it\/wp\/pronti-per-togliere-il-pannolino\/#Tanta_pazienza\" >Tanta pazienza!<\/a><\/li><li class='ez-toc-page-1 ez-toc-heading-level-3'><a class=\"ez-toc-link ez-toc-heading-5\" href=\"https:\/\/www.rosaprimainfanzia.it\/wp\/pronti-per-togliere-il-pannolino\/#Celebra_i_Piccoli_Successi\" >Celebra i Piccoli Successi<\/a><ul class='ez-toc-list-level-4' ><li class='ez-toc-heading-level-4'><a class=\"ez-toc-link ez-toc-heading-6\" href=\"https:\/\/www.rosaprimainfanzia.it\/wp\/pronti-per-togliere-il-pannolino\/#Evita_di_Forzare\" >Evita di Forzare<\/a><\/li><li class='ez-toc-page-1 ez-toc-heading-level-4'><a class=\"ez-toc-link ez-toc-heading-7\" href=\"https:\/\/www.rosaprimainfanzia.it\/wp\/pronti-per-togliere-il-pannolino\/#Creare_una_Routine\" >Creare una Routine<\/a><\/li><li class='ez-toc-page-1 ez-toc-heading-level-4'><a class=\"ez-toc-link ez-toc-heading-8\" href=\"https:\/\/www.rosaprimainfanzia.it\/wp\/pronti-per-togliere-il-pannolino\/#Affronta_gli_Incidenti_con_Calma\" >Affronta gli Incidenti con Calma<\/a><\/li><\/ul><\/li><li class='ez-toc-page-1 ez-toc-heading-level-3'><a class=\"ez-toc-link ez-toc-heading-9\" href=\"https:\/\/www.rosaprimainfanzia.it\/wp\/pronti-per-togliere-il-pannolino\/#Conclusioni\" >Conclusioni:<\/a><\/li><\/ul><\/li><\/ul><\/nav><\/div>\n<h2><span class=\"ez-toc-section\" id=\"Pronti_per_togliere_il_pannolino\"><\/span>Pronti per togliere il pannolino?<span class=\"ez-toc-section-end\"><\/span><\/h2>\n<p>Ecco alcuni suggerimenti per aiutarti in questa avventura.<\/p>\n<h3><span class=\"ez-toc-section\" id=\"Riconoscere_i_Segnali_di_Prontezza\"><\/span>Riconoscere i Segnali di Prontezza<span class=\"ez-toc-section-end\"><\/span><\/h3>\n<p>Prima di tutto, \u00e8 fondamentale riconoscere quando il tuo bambino \u00e8 pronto per iniziare questo percorso. Alcuni segnali includono un interesse per il bagno, la capacit\u00e0 di rimanere asciutti per periodi pi\u00f9 lunghi e l&#8217;espressione di disagio quando il pannolino \u00e8 bagnato.<\/p>\n<h3><span class=\"ez-toc-section\" id=\"Introduzione_al_Vasino_o_al_Riduttore\"><\/span>Introduzione al Vasino o al Riduttore<span class=\"ez-toc-section-end\"><\/span><\/h3>\n<p>Investi in un vasino colorato o in un riduttore per il water che possa attrarre la curiosit\u00e0 del tuo bambino. Lascia che si familiarizzi con esso, spiegando dolcemente a cosa serve. L&#8217;idea \u00e8 farlo sentire a suo agio e non spaventato.<\/p>\n<h3><span class=\"ez-toc-section\" id=\"Tanta_pazienza\"><\/span>Tanta pazienza!<span class=\"ez-toc-section-end\"><\/span><\/h3>\n<p>Sii paziente. Ci saranno giorni in cui sembrer\u00e0 che non stia progredendo, e altri in cui far\u00e0 passi da gigante. Dedica del tempo ogni giorno per portarlo al vasino, specialmente dopo i pasti o quando percepisci che sta per fare i bisogni.<\/p>\n<h3><span class=\"ez-toc-section\" id=\"Celebra_i_Piccoli_Successi\"><\/span>Celebra i Piccoli Successi<span class=\"ez-toc-section-end\"><\/span><\/h3>\n<p>Ogni volta che il tuo bambino utilizza con successo il vasino, anche se \u00e8 solo un po&#8217; di pip\u00ec, fagli vedere quanto sei orgogliosa! Un elogio sincero, una danza di gioia o una piccola ricompensa possono fare miracoli per la sua autostima e motivazione.<\/p>\n<h4><span class=\"ez-toc-section\" id=\"Evita_di_Forzare\"><\/span>Evita di Forzare<span class=\"ez-toc-section-end\"><\/span><\/h4>\n<p>Non accelerare il processo. E\u2019 essenziale evitare di forzare il tuo bambino. Ogni bambino \u00e8 diverso, e quello che funziona per uno potrebbe non funzionare per un altro. Ascolta le sue necessit\u00e0 e rispetta il suo ritmo.<\/p>\n<h4><span class=\"ez-toc-section\" id=\"Creare_una_Routine\"><\/span>Creare una Routine<span class=\"ez-toc-section-end\"><\/span><\/h4>\n<p>Mantieni una routine. Ad esempio, porta il tuo bambino al vasino dopo il risveglio, prima di andare a letto, e dopo i pasti. Questa coerenza aiuta a creare abitudini e a familiarizzare con il processo.<\/p>\n<h4><span class=\"ez-toc-section\" id=\"Affronta_gli_Incidenti_con_Calma\"><\/span>Affronta gli Incidenti con Calma<span class=\"ez-toc-section-end\"><\/span><\/h4>\n<p>Gli incidenti sono inevitabili e fanno parte del percorso. Quando accadono, rimani calma e conforta il tuo bambino, spiegando che tutto va bene e che insieme continuerete a provarci.<\/p>\n<h3><span class=\"ez-toc-section\" id=\"Conclusioni\"><\/span>Conclusioni:<span class=\"ez-toc-section-end\"><\/span><\/h3>\n<p>In conclusione, il percorso per togliere il pannolino \u00e8 un momento di crescita sia per voi genitori che per il vostro bambino\/a. Con pazienza, amore e comprensione, questo passaggio diventer\u00e0 uno dei tanti ricordi nel viaggio della crescita del tuo piccolo. Ricorda sempre di celebrare ogni piccolo progresso e di goderti ogni momento di questa avventura.<br \/>\nBuona fortuna!<\/p>\n","protected":false},"excerpt":{"rendered":"<p>Uno dei passaggi pi\u00f9 significativi nella crescita di un bambino \u00e8 il c.d. spannolinamento. Pronti per togliere il pannolino? Ecco alcuni suggerimenti per aiutarti in questa avventura. Riconoscere i Segnali di Prontezza Prima di tutto, \u00e8 fondamentale riconoscere quando il [&hellip;]<\/p>\n","protected":false},"author":1,"featured_media":8671,"comment_status":"open","ping_status":"open","sticky":false,"template":"","format":"standard","meta":[],"categories":[220],"tags":[269,270,294,274],"yoast_head":"<!-- This site is optimized with the Yoast SEO plugin v20.8 - https:\/\/yoast.com\/wordpress\/plugins\/seo\/ -->\n<title>Pronti per togliere il pannolino - Rosa Prima Infanzia<\/title>\n<meta name=\"description\" content=\"Pronti per levare il pannolino? alcuni piccoli consigli per aiutarti ad affrontare questa nuova avventura e un passaggio significativo per il tuo bimbo\" \/>\n<meta name=\"robots\" content=\"index, follow, max-snippet:-1, max-image-preview:large, max-video-preview:-1\" \/>\n<link rel=\"canonical\" href=\"https:\/\/www.rosaprimainfanzia.it\/wp\/pronti-per-togliere-il-pannolino\/\" \/>\n<meta property=\"og:locale\" content=\"it_IT\" \/>\n<meta property=\"og:type\" content=\"article\" \/>\n<meta property=\"og:title\" content=\"Pronti per togliere il pannolino - Rosa Prima Infanzia\" \/>\n<meta property=\"og:description\" content=\"Pronti per levare il pannolino? alcuni piccoli consigli per aiutarti ad affrontare questa nuova avventura e un passaggio significativo per il tuo bimbo\" \/>\n<meta property=\"og:url\" content=\"https:\/\/www.rosaprimainfanzia.it\/wp\/pronti-per-togliere-il-pannolino\/\" \/>\n<meta property=\"og:site_name\" content=\"Rosaprimainfanzia\" \/>\n<meta property=\"article:publisher\" content=\"https:\/\/www.facebook.com\/RosaPrimaInfanzia\" \/>\n<meta property=\"article:published_time\" content=\"2024-01-19T16:12:34+00:00\" \/>\n<meta property=\"article:modified_time\" content=\"2024-01-19T16:12:35+00:00\" \/>\n<meta property=\"og:image\" content=\"https:\/\/www.rosaprimainfanzia.it\/wp\/wp-content\/uploads\/2024\/01\/spannolinamento_vasino.jpeg\" \/>\n\t<meta property=\"og:image:width\" content=\"1600\" \/>\n\t<meta property=\"og:image:height\" content=\"1066\" \/>\n\t<meta property=\"og:image:type\" content=\"image\/jpeg\" \/>\n<meta name=\"author\" content=\"Rosaprimainfanzia\" \/>\n<meta name=\"twitter:card\" content=\"summary_large_image\" \/>\n<meta name=\"twitter:label1\" content=\"Scritto da\" \/>\n\t<meta name=\"twitter:data1\" content=\"Rosaprimainfanzia\" \/>\n\t<meta name=\"twitter:label2\" content=\"Tempo di lettura stimato\" \/>\n\t<meta name=\"twitter:data2\" content=\"3 minuti\" \/>\n<script type=\"application\/ld+json\" class=\"yoast-schema-graph\">{\"@context\":\"https:\/\/schema.org\",\"@graph\":[{\"@type\":\"Article\",\"@id\":\"https:\/\/www.rosaprimainfanzia.it\/wp\/pronti-per-togliere-il-pannolino\/#article\",\"isPartOf\":{\"@id\":\"https:\/\/www.rosaprimainfanzia.it\/wp\/pronti-per-togliere-il-pannolino\/\"},\"author\":{\"name\":\"Rosaprimainfanzia\",\"@id\":\"https:\/\/www.rosaprimainfanzia.it\/wp\/#\/schema\/person\/b8201aa77c2e55f182c0fa11c835edb7\"},\"headline\":\"Pronti per togliere il pannolino\",\"datePublished\":\"2024-01-19T16:12:34+00:00\",\"dateModified\":\"2024-01-19T16:12:35+00:00\",\"mainEntityOfPage\":{\"@id\":\"https:\/\/www.rosaprimainfanzia.it\/wp\/pronti-per-togliere-il-pannolino\/\"},\"wordCount\":383,\"commentCount\":0,\"publisher\":{\"@id\":\"https:\/\/www.rosaprimainfanzia.it\/wp\/#organization\"},\"keywords\":[\"consigli\",\"neonato\",\"pannolino\",\"rosa prima infanzia\"],\"articleSection\":[\"CONSIGLI\"],\"inLanguage\":\"it-IT\",\"potentialAction\":[{\"@type\":\"CommentAction\",\"name\":\"Comment\",\"target\":[\"https:\/\/www.rosaprimainfanzia.it\/wp\/pronti-per-togliere-il-pannolino\/#respond\"]}]},{\"@type\":\"WebPage\",\"@id\":\"https:\/\/www.rosaprimainfanzia.it\/wp\/pronti-per-togliere-il-pannolino\/\",\"url\":\"https:\/\/www.rosaprimainfanzia.it\/wp\/pronti-per-togliere-il-pannolino\/\",\"name\":\"Pronti per togliere il pannolino - Rosa Prima Infanzia\",\"isPartOf\":{\"@id\":\"https:\/\/www.rosaprimainfanzia.it\/wp\/#website\"},\"datePublished\":\"2024-01-19T16:12:34+00:00\",\"dateModified\":\"2024-01-19T16:12:35+00:00\",\"description\":\"Pronti per levare il pannolino? alcuni piccoli consigli per aiutarti ad affrontare questa nuova avventura e un passaggio significativo per il tuo bimbo\",\"breadcrumb\":{\"@id\":\"https:\/\/www.rosaprimainfanzia.it\/wp\/pronti-per-togliere-il-pannolino\/#breadcrumb\"},\"inLanguage\":\"it-IT\",\"potentialAction\":[{\"@type\":\"ReadAction\",\"target\":[\"https:\/\/www.rosaprimainfanzia.it\/wp\/pronti-per-togliere-il-pannolino\/\"]}]},{\"@type\":\"BreadcrumbList\",\"@id\":\"https:\/\/www.rosaprimainfanzia.it\/wp\/pronti-per-togliere-il-pannolino\/#breadcrumb\",\"itemListElement\":[{\"@type\":\"ListItem\",\"position\":1,\"name\":\"Home\",\"item\":\"https:\/\/www.rosaprimainfanzia.it\/wp\/\"},{\"@type\":\"ListItem\",\"position\":2,\"name\":\"Pronti per togliere il pannolino\"}]},{\"@type\":\"WebSite\",\"@id\":\"https:\/\/www.rosaprimainfanzia.it\/wp\/#website\",\"url\":\"https:\/\/www.rosaprimainfanzia.it\/wp\/\",\"name\":\"Rosaprimainfanzia\",\"description\":\"il primo sonno \u00e8...rosa\",\"publisher\":{\"@id\":\"https:\/\/www.rosaprimainfanzia.it\/wp\/#organization\"},\"potentialAction\":[{\"@type\":\"SearchAction\",\"target\":{\"@type\":\"EntryPoint\",\"urlTemplate\":\"https:\/\/www.rosaprimainfanzia.it\/wp\/?s={search_term_string}\"},\"query-input\":\"required name=search_term_string\"}],\"inLanguage\":\"it-IT\"},{\"@type\":\"Organization\",\"@id\":\"https:\/\/www.rosaprimainfanzia.it\/wp\/#organization\",\"name\":\"rosaprimainfanzia\",\"url\":\"https:\/\/www.rosaprimainfanzia.it\/wp\/\",\"logo\":{\"@type\":\"ImageObject\",\"inLanguage\":\"it-IT\",\"@id\":\"https:\/\/www.rosaprimainfanzia.it\/wp\/#\/schema\/logo\/image\/\",\"url\":\"https:\/\/www.rosaprimainfanzia.it\/wp\/wp-content\/uploads\/2020\/12\/LogoRosa.png\",\"contentUrl\":\"https:\/\/www.rosaprimainfanzia.it\/wp\/wp-content\/uploads\/2020\/12\/LogoRosa.png\",\"width\":301,\"height\":106,\"caption\":\"rosaprimainfanzia\"},\"image\":{\"@id\":\"https:\/\/www.rosaprimainfanzia.it\/wp\/#\/schema\/logo\/image\/\"},\"sameAs\":[\"https:\/\/www.facebook.com\/RosaPrimaInfanzia\",\"https:\/\/www.instagram.com\/rosaprimainfanzia\/\",\"https:\/\/www.youtube.com\/channel\/UCGZCx42AE6MVqHLq0qXzAiA\"]},{\"@type\":\"Person\",\"@id\":\"https:\/\/www.rosaprimainfanzia.it\/wp\/#\/schema\/person\/b8201aa77c2e55f182c0fa11c835edb7\",\"name\":\"Rosaprimainfanzia\",\"image\":{\"@type\":\"ImageObject\",\"inLanguage\":\"it-IT\",\"@id\":\"https:\/\/www.rosaprimainfanzia.it\/wp\/#\/schema\/person\/image\/\",\"url\":\"https:\/\/secure.gravatar.com\/avatar\/eaf48f86cb086190e22caed9148b0dbf?s=96&d=mm&r=g\",\"contentUrl\":\"https:\/\/secure.gravatar.com\/avatar\/eaf48f86cb086190e22caed9148b0dbf?s=96&d=mm&r=g\",\"caption\":\"Rosaprimainfanzia\"}}]}<\/script>\n<!-- \/ Yoast SEO plugin. -->","yoast_head_json":{"title":"Pronti per togliere il pannolino - Rosa Prima Infanzia","description":"Pronti per levare il pannolino? alcuni piccoli consigli per aiutarti ad affrontare questa nuova avventura e un passaggio significativo per il tuo bimbo","robots":{"index":"index","follow":"follow","max-snippet":"max-snippet:-1","max-image-preview":"max-image-preview:large","max-video-preview":"max-video-preview:-1"},"canonical":"https:\/\/www.rosaprimainfanzia.it\/wp\/pronti-per-togliere-il-pannolino\/","og_locale":"it_IT","og_type":"article","og_title":"Pronti per togliere il pannolino - Rosa Prima Infanzia","og_description":"Pronti per levare il pannolino? alcuni piccoli consigli per aiutarti ad affrontare questa nuova avventura e un passaggio significativo per il tuo bimbo","og_url":"https:\/\/www.rosaprimainfanzia.it\/wp\/pronti-per-togliere-il-pannolino\/","og_site_name":"Rosaprimainfanzia","article_publisher":"https:\/\/www.facebook.com\/RosaPrimaInfanzia","article_published_time":"2024-01-19T16:12:34+00:00","article_modified_time":"2024-01-19T16:12:35+00:00","og_image":[{"width":1600,"height":1066,"url":"https:\/\/www.rosaprimainfanzia.it\/wp\/wp-content\/uploads\/2024\/01\/spannolinamento_vasino.jpeg","type":"image\/jpeg"}],"author":"Rosaprimainfanzia","twitter_card":"summary_large_image","twitter_misc":{"Scritto da":"Rosaprimainfanzia","Tempo di lettura stimato":"3 minuti"},"schema":{"@context":"https:\/\/schema.org","@graph":[{"@type":"Article","@id":"https:\/\/www.rosaprimainfanzia.it\/wp\/pronti-per-togliere-il-pannolino\/#article","isPartOf":{"@id":"https:\/\/www.rosaprimainfanzia.it\/wp\/pronti-per-togliere-il-pannolino\/"},"author":{"name":"Rosaprimainfanzia","@id":"https:\/\/www.rosaprimainfanzia.it\/wp\/#\/schema\/person\/b8201aa77c2e55f182c0fa11c835edb7"},"headline":"Pronti per togliere il pannolino","datePublished":"2024-01-19T16:12:34+00:00","dateModified":"2024-01-19T16:12:35+00:00","mainEntityOfPage":{"@id":"https:\/\/www.rosaprimainfanzia.it\/wp\/pronti-per-togliere-il-pannolino\/"},"wordCount":383,"commentCount":0,"publisher":{"@id":"https:\/\/www.rosaprimainfanzia.it\/wp\/#organization"},"keywords":["consigli","neonato","pannolino","rosa prima infanzia"],"articleSection":["CONSIGLI"],"inLanguage":"it-IT","potentialAction":[{"@type":"CommentAction","name":"Comment","target":["https:\/\/www.rosaprimainfanzia.it\/wp\/pronti-per-togliere-il-pannolino\/#respond"]}]},{"@type":"WebPage","@id":"https:\/\/www.rosaprimainfanzia.it\/wp\/pronti-per-togliere-il-pannolino\/","url":"https:\/\/www.rosaprimainfanzia.it\/wp\/pronti-per-togliere-il-pannolino\/","name":"Pronti per togliere il pannolino - Rosa Prima Infanzia","isPartOf":{"@id":"https:\/\/www.rosaprimainfanzia.it\/wp\/#website"},"datePublished":"2024-01-19T16:12:34+00:00","dateModified":"2024-01-19T16:12:35+00:00","description":"Pronti per levare il pannolino? alcuni piccoli consigli per aiutarti ad affrontare questa nuova avventura e un passaggio significativo per il tuo bimbo","breadcrumb":{"@id":"https:\/\/www.rosaprimainfanzia.it\/wp\/pronti-per-togliere-il-pannolino\/#breadcrumb"},"inLanguage":"it-IT","potentialAction":[{"@type":"ReadAction","target":["https:\/\/www.rosaprimainfanzia.it\/wp\/pronti-per-togliere-il-pannolino\/"]}]},{"@type":"BreadcrumbList","@id":"https:\/\/www.rosaprimainfanzia.it\/wp\/pronti-per-togliere-il-pannolino\/#breadcrumb","itemListElement":[{"@type":"ListItem","position":1,"name":"Home","item":"https:\/\/www.rosaprimainfanzia.it\/wp\/"},{"@type":"ListItem","position":2,"name":"Pronti per togliere il pannolino"}]},{"@type":"WebSite","@id":"https:\/\/www.rosaprimainfanzia.it\/wp\/#website","url":"https:\/\/www.rosaprimainfanzia.it\/wp\/","name":"Rosaprimainfanzia","description":"il primo sonno \u00e8...rosa","publisher":{"@id":"https:\/\/www.rosaprimainfanzia.it\/wp\/#organization"},"potentialAction":[{"@type":"SearchAction","target":{"@type":"EntryPoint","urlTemplate":"https:\/\/www.rosaprimainfanzia.it\/wp\/?s={search_term_string}"},"query-input":"required name=search_term_string"}],"inLanguage":"it-IT"},{"@type":"Organization","@id":"https:\/\/www.rosaprimainfanzia.it\/wp\/#organization","name":"rosaprimainfanzia","url":"https:\/\/www.rosaprimainfanzia.it\/wp\/","logo":{"@type":"ImageObject","inLanguage":"it-IT","@id":"https:\/\/www.rosaprimainfanzia.it\/wp\/#\/schema\/logo\/image\/","url":"https:\/\/www.rosaprimainfanzia.it\/wp\/wp-content\/uploads\/2020\/12\/LogoRosa.png","contentUrl":"https:\/\/www.rosaprimainfanzia.it\/wp\/wp-content\/uploads\/2020\/12\/LogoRosa.png","width":301,"height":106,"caption":"rosaprimainfanzia"},"image":{"@id":"https:\/\/www.rosaprimainfanzia.it\/wp\/#\/schema\/logo\/image\/"},"sameAs":["https:\/\/www.facebook.com\/RosaPrimaInfanzia","https:\/\/www.instagram.com\/rosaprimainfanzia\/","https:\/\/www.youtube.com\/channel\/UCGZCx42AE6MVqHLq0qXzAiA"]},{"@type":"Person","@id":"https:\/\/www.rosaprimainfanzia.it\/wp\/#\/schema\/person\/b8201aa77c2e55f182c0fa11c835edb7","name":"Rosaprimainfanzia","image":{"@type":"ImageObject","inLanguage":"it-IT","@id":"https:\/\/www.rosaprimainfanzia.it\/wp\/#\/schema\/person\/image\/","url":"https:\/\/secure.gravatar.com\/avatar\/eaf48f86cb086190e22caed9148b0dbf?s=96&d=mm&r=g","contentUrl":"https:\/\/secure.gravatar.com\/avatar\/eaf48f86cb086190e22caed9148b0dbf?s=96&d=mm&r=g","caption":"Rosaprimainfanzia"}}]}},"_links":{"self":[{"href":"https:\/\/www.rosaprimainfanzia.it\/wp\/wp-json\/wp\/v2\/posts\/8669"}],"collection":[{"href":"https:\/\/www.rosaprimainfanzia.it\/wp\/wp-json\/wp\/v2\/posts"}],"about":[{"href":"https:\/\/www.rosaprimainfanzia.it\/wp\/wp-json\/wp\/v2\/types\/post"}],"author":[{"embeddable":true,"href":"https:\/\/www.rosaprimainfanzia.it\/wp\/wp-json\/wp\/v2\/users\/1"}],"replies":[{"embeddable":true,"href":"https:\/\/www.rosaprimainfanzia.it\/wp\/wp-json\/wp\/v2\/comments?post=8669"}],"version-history":[{"count":1,"href":"https:\/\/www.rosaprimainfanzia.it\/wp\/wp-json\/wp\/v2\/posts\/8669\/revisions"}],"predecessor-version":[{"id":8670,"href":"https:\/\/www.rosaprimainfanzia.it\/wp\/wp-json\/wp\/v2\/posts\/8669\/revisions\/8670"}],"wp:featuredmedia":[{"embeddable":true,"href":"https:\/\/www.rosaprimainfanzia.it\/wp\/wp-json\/wp\/v2\/media\/8671"}],"wp:attachment":[{"href":"https:\/\/www.rosaprimainfanzia.it\/wp\/wp-json\/wp\/v2\/media?parent=8669"}],"wp:term":[{"taxonomy":"category","embeddable":true,"href":"https:\/\/www.rosaprimainfanzia.it\/wp\/wp-json\/wp\/v2\/categories?post=8669"},{"taxonomy":"post_tag","embeddable":true,"href":"https:\/\/www.rosaprimainfanzia.it\/wp\/wp-json\/wp\/v2\/tags?post=8669"}],"curies":[{"name":"wp","href":"https:\/\/api.w.org\/{rel}","templated":true}]}}